{"id":1022,"date":"2019-09-03T13:30:00","date_gmt":"2019-09-03T13:30:00","guid":{"rendered":"http:\/\/hadihajosveteran.hu\/hhj2\/?p=1022"},"modified":"2021-10-03T14:58:10","modified_gmt":"2021-10-03T14:58:10","slug":"dunakeszi-kihelyezett-tagozati-osszejovetel-2","status":"publish","type":"post","link":"https:\/\/hadihajosveteran.hu\/?p=1022","title":{"rendered":"Dunakeszi kihelyezett tagozati \u00f6sszej\u00f6vetel"},"content":{"rendered":"\n<p>Szeptember 3-\u00e1n tartottuk Dunakeszin a szokott helyen az eredetileg szalonnas\u00fct\u00e9ssel tervezett kihelyezett tagozati \u00f6sszej\u00f6vetelt, de az es\u0151s id\u0151 miatt a szalonnas\u00fct\u00e9s elmaradt, a helyzetet Kalcsits P\u00e9ter mentette meg, el\u0151re elk\u00e9sz\u00edtett finom p\u00f6rk\u00f6lttel, ami\u00e9rt P\u00e9ternek az ott megjelent tagt\u00e1rsak ez\u00faton is k\u00f6sz\u00f6netet mondanak.<br>Szab\u00f3 J\u00f3ska a fedett kult\u00fartermet bocs\u00e1totta rendelkez\u00e9s\u00fcnkre, itt is k\u00e9nyelmesen elf\u00e9rt\u00fcnk, az es\u0151re hajl\u00f3 id\u0151 nem szegte j\u00f3kedv\u00fcnket, mindent egybevetve, a program j\u00f3 hangulatban zajlott, ism\u00e9tl\u00e9s j\u00f6v\u0151re.<\/p>\n\n\n\n<figure class=\"wp-block-gallery columns-2 is-cropped wp-block-gallery-1 is-layout-flex wp-block-gallery-is-layout-flex\"><ul class=\"blocks-gallery-grid\"><li class=\"blocks-gallery-item\"><figure><a href=\"http:\/\/hadihajosveteran.hu\/hhj2\/wp-content\/uploads\/2021\/10\/Photo5014.jpg\"><img loading=\"lazy\" decoding=\"async\" width=\"768\" height=\"1024\" src=\"http:\/\/hadihajosveteran.hu\/hhj2\/wp-content\/uploads\/2021\/10\/Photo5014-768x1024.jpg\" alt=\"\" data-id=\"1023\" data-full-url=\"http:\/\/hadihajosveteran.hu\/hhj2\/wp-content\/uploads\/2021\/10\/Photo5014.jpg\" data-link=\"http:\/\/hadihajosveteran.hu\/hhj2\/?attachment_id=1023\" class=\"wp-image-1023\" srcset=\"https:\/\/hadihajosveteran.hu\/wp-content\/uploads\/2021\/10\/Photo5014-768x1024.jpg 768w, https:\/\/hadihajosveteran.hu\/wp-content\/uploads\/2021\/10\/Photo5014-225x300.jpg 225w, https:\/\/hadihajosveteran.hu\/wp-content\/uploads\/2021\/10\/Photo5014-1152x1536.jpg 1152w, https:\/\/hadihajosveteran.hu\/wp-content\/uploads\/2021\/10\/Photo5014-900x1200.jpg 900w, https:\/\/hadihajosveteran.hu\/wp-content\/uploads\/2021\/10\/Photo5014.jpg 1200w\" sizes=\"auto, (max-width: 768px) 100vw, 768px\" \/><\/a><\/figure><\/li><li class=\"blocks-gallery-item\"><figure><a href=\"http:\/\/hadihajosveteran.hu\/hhj2\/wp-content\/uploads\/2021\/10\/Photo5013.jpg\"><img loading=\"lazy\" decoding=\"async\" width=\"768\" height=\"1024\" src=\"http:\/\/hadihajosveteran.hu\/hhj2\/wp-content\/uploads\/2021\/10\/Photo5013-768x1024.jpg\" alt=\"\" data-id=\"1024\" data-full-url=\"http:\/\/hadihajosveteran.hu\/hhj2\/wp-content\/uploads\/2021\/10\/Photo5013.jpg\" data-link=\"http:\/\/hadihajosveteran.hu\/hhj2\/?attachment_id=1024\" class=\"wp-image-1024\" srcset=\"https:\/\/hadihajosveteran.hu\/wp-content\/uploads\/2021\/10\/Photo5013-768x1024.jpg 768w, https:\/\/hadihajosveteran.hu\/wp-content\/uploads\/2021\/10\/Photo5013-225x300.jpg 225w, https:\/\/hadihajosveteran.hu\/wp-content\/uploads\/2021\/10\/Photo5013-1152x1536.jpg 1152w, https:\/\/hadihajosveteran.hu\/wp-content\/uploads\/2021\/10\/Photo5013-900x1200.jpg 900w, https:\/\/hadihajosveteran.hu\/wp-content\/uploads\/2021\/10\/Photo5013.jpg 1200w\" sizes=\"auto, (max-width: 768px) 100vw, 768px\" \/><\/a><\/figure><\/li><li class=\"blocks-gallery-item\"><figure><a href=\"http:\/\/hadihajosveteran.hu\/hhj2\/wp-content\/uploads\/2021\/10\/Dunakeszi-ebed.-3.jpg\"><img loading=\"lazy\" decoding=\"async\" width=\"720\" height=\"960\" src=\"http:\/\/hadihajosveteran.hu\/hhj2\/wp-content\/uploads\/2021\/10\/Dunakeszi-ebed.-3.jpg\" alt=\"\" data-id=\"1025\" data-full-url=\"http:\/\/hadihajosveteran.hu\/hhj2\/wp-content\/uploads\/2021\/10\/Dunakeszi-ebed.-3.jpg\" data-link=\"http:\/\/hadihajosveteran.hu\/hhj2\/?attachment_id=1025\" class=\"wp-image-1025\" srcset=\"https:\/\/hadihajosveteran.hu\/wp-content\/uploads\/2021\/10\/Dunakeszi-ebed.-3.jpg 720w, https:\/\/hadihajosveteran.hu\/wp-content\/uploads\/2021\/10\/Dunakeszi-ebed.-3-225x300.jpg 225w\" sizes=\"auto, (max-width: 720px) 100vw, 720px\" \/><\/a><\/figure><\/li><li class=\"blocks-gallery-item\"><figure><a href=\"http:\/\/hadihajosveteran.hu\/hhj2\/wp-content\/uploads\/2021\/10\/Dunakeszi-ebed.-2.jpg\"><img loading=\"lazy\" decoding=\"async\" width=\"720\" height=\"960\" src=\"http:\/\/hadihajosveteran.hu\/hhj2\/wp-content\/uploads\/2021\/10\/Dunakeszi-ebed.-2.jpg\" alt=\"\" data-id=\"1026\" data-full-url=\"http:\/\/hadihajosveteran.hu\/hhj2\/wp-content\/uploads\/2021\/10\/Dunakeszi-ebed.-2.jpg\" data-link=\"http:\/\/hadihajosveteran.hu\/hhj2\/?attachment_id=1026\" class=\"wp-image-1026\" srcset=\"https:\/\/hadihajosveteran.hu\/wp-content\/uploads\/2021\/10\/Dunakeszi-ebed.-2.jpg 720w, https:\/\/hadihajosveteran.hu\/wp-content\/uploads\/2021\/10\/Dunakeszi-ebed.-2-225x300.jpg 225w\" sizes=\"auto, (max-width: 720px) 100vw, 720px\" \/><\/a><\/figure><\/li><\/ul><\/figure>\n","protected":false},"excerpt":{"rendered":"<p>Szeptember 3-\u00e1n tartottuk Dunakeszin a szokott helyen az eredetileg szalonnas\u00fct\u00e9ssel tervezett kihelyezett tagozati \u00f6sszej\u00f6vetelt, de az es\u0151s id\u0151 miatt a szalonnas\u00fct\u00e9s elmaradt, a helyzetet Kalcsits P\u00e9ter mentette meg, el\u0151re elk\u00e9sz\u00edtett finom p\u00f6rk\u00f6lttel, ami\u00e9rt P\u00e9ternek az ott megjelent tagt\u00e1rsak ez\u00faton is k\u00f6sz\u00f6netet mondanak.Szab\u00f3 J\u00f3ska a fedett kult\u00fartermet bocs\u00e1totta rendelkez\u00e9s\u00fcnkre, itt is k\u00e9nyelmesen elf\u00e9rt\u00fcnk, az es\u0151re hajl\u00f3 [&hellip;]<\/p>\n","protected":false},"author":2,"featured_media":1023,"comment_status":"closed","ping_status":"","sticky":false,"template":"","format":"standard","meta":{"footnotes":""},"categories":[5],"tags":[],"class_list":["post-1022","post","type-post","status-publish","format-standard","has-post-thumbnail","hentry","category-hirek_esemenyek"],"_links":{"self":[{"href":"https:\/\/hadihajosveteran.hu\/index.php?rest_route=\/wp\/v2\/posts\/1022","targetHints":{"allow":["GET"]}}],"collection":[{"href":"https:\/\/hadihajosveteran.hu\/index.php?rest_route=\/wp\/v2\/posts"}],"about":[{"href":"https:\/\/hadihajosveteran.hu\/index.php?rest_route=\/wp\/v2\/types\/post"}],"author":[{"embeddable":true,"href":"https:\/\/hadihajosveteran.hu\/index.php?rest_route=\/wp\/v2\/users\/2"}],"replies":[{"embeddable":true,"href":"https:\/\/hadihajosveteran.hu\/index.php?rest_route=%2Fwp%2Fv2%2Fcomments&post=1022"}],"version-history":[{"count":1,"href":"https:\/\/hadihajosveteran.hu\/index.php?rest_route=\/wp\/v2\/posts\/1022\/revisions"}],"predecessor-version":[{"id":1027,"href":"https:\/\/hadihajosveteran.hu\/index.php?rest_route=\/wp\/v2\/posts\/1022\/revisions\/1027"}],"wp:featuredmedia":[{"embeddable":true,"href":"https:\/\/hadihajosveteran.hu\/index.php?rest_route=\/wp\/v2\/media\/1023"}],"wp:attachment":[{"href":"https:\/\/hadihajosveteran.hu\/index.php?rest_route=%2Fwp%2Fv2%2Fmedia&parent=1022"}],"wp:term":[{"taxonomy":"category","embeddable":true,"href":"https:\/\/hadihajosveteran.hu\/index.php?rest_route=%2Fwp%2Fv2%2Fcategories&post=1022"},{"taxonomy":"post_tag","embeddable":true,"href":"https:\/\/hadihajosveteran.hu\/index.php?rest_route=%2Fwp%2Fv2%2Ftags&post=1022"}],"curies":[{"name":"wp","href":"https:\/\/api.w.org\/{rel}","templated":true}]}}