{"id":1035,"date":"2019-09-26T13:48:00","date_gmt":"2019-09-26T13:48:00","guid":{"rendered":"http:\/\/hadihajosveteran.hu\/hhj2\/?p=1035"},"modified":"2021-10-03T14:57:14","modified_gmt":"2021-10-03T14:57:14","slug":"nemzetkozi-tengereszeti-vilagnap","status":"publish","type":"post","link":"https:\/\/hadihajosveteran.hu\/?p=1035","title":{"rendered":"Nemzetk\u00f6zi Tenger\u00e9szeti Vil\u00e1gnap"},"content":{"rendered":"\n<p>2019. szeptember 26-\u00e1n a Nemzetk\u00f6zi Tenger\u00e9szeti Vil\u00e1gnap alkalm\u00e1b\u00f3l a tenger\u00e9sz-eml\u00e9km\u0171n\u00e9l tartott koszor\u00faz\u00e1son tagozatunk is k\u00e9pviseltette mag\u00e1t.<\/p>\n\n\n\n<figure class=\"wp-block-gallery columns-2 is-cropped wp-block-gallery-1 is-layout-flex wp-block-gallery-is-layout-flex\"><ul class=\"blocks-gallery-grid\"><li class=\"blocks-gallery-item\"><figure><a href=\"http:\/\/hadihajosveteran.hu\/hhj2\/wp-content\/uploads\/2021\/10\/2019.09.26.-Tengereszeti-Vilagnap-133.jpg\"><img loading=\"lazy\" decoding=\"async\" width=\"1024\" height=\"385\" src=\"http:\/\/hadihajosveteran.hu\/hhj2\/wp-content\/uploads\/2021\/10\/2019.09.26.-Tengereszeti-Vilagnap-133-1024x385.jpg\" alt=\"\" data-id=\"1036\" data-full-url=\"http:\/\/hadihajosveteran.hu\/hhj2\/wp-content\/uploads\/2021\/10\/2019.09.26.-Tengereszeti-Vilagnap-133.jpg\" data-link=\"http:\/\/hadihajosveteran.hu\/hhj2\/?attachment_id=1036\" class=\"wp-image-1036\" srcset=\"https:\/\/hadihajosveteran.hu\/wp-content\/uploads\/2021\/10\/2019.09.26.-Tengereszeti-Vilagnap-133-1024x385.jpg 1024w, https:\/\/hadihajosveteran.hu\/wp-content\/uploads\/2021\/10\/2019.09.26.-Tengereszeti-Vilagnap-133-300x113.jpg 300w, https:\/\/hadihajosveteran.hu\/wp-content\/uploads\/2021\/10\/2019.09.26.-Tengereszeti-Vilagnap-133-768x289.jpg 768w, https:\/\/hadihajosveteran.hu\/wp-content\/uploads\/2021\/10\/2019.09.26.-Tengereszeti-Vilagnap-133-900x338.jpg 900w, https:\/\/hadihajosveteran.hu\/wp-content\/uploads\/2021\/10\/2019.09.26.-Tengereszeti-Vilagnap-133-1280x481.jpg 1280w, https:\/\/hadihajosveteran.hu\/wp-content\/uploads\/2021\/10\/2019.09.26.-Tengereszeti-Vilagnap-133.jpg 1440w\" sizes=\"auto, (max-width: 1024px) 100vw, 1024px\" \/><\/a><\/figure><\/li><li class=\"blocks-gallery-item\"><figure><a href=\"http:\/\/hadihajosveteran.hu\/hhj2\/wp-content\/uploads\/2021\/10\/2019.09.26.-Tengereszeti-Vilagnap-125.jpg\"><img loading=\"lazy\" decoding=\"async\" width=\"1024\" height=\"503\" src=\"http:\/\/hadihajosveteran.hu\/hhj2\/wp-content\/uploads\/2021\/10\/2019.09.26.-Tengereszeti-Vilagnap-125-1024x503.jpg\" alt=\"\" data-id=\"1037\" data-full-url=\"http:\/\/hadihajosveteran.hu\/hhj2\/wp-content\/uploads\/2021\/10\/2019.09.26.-Tengereszeti-Vilagnap-125.jpg\" data-link=\"http:\/\/hadihajosveteran.hu\/hhj2\/?attachment_id=1037\" class=\"wp-image-1037\" srcset=\"https:\/\/hadihajosveteran.hu\/wp-content\/uploads\/2021\/10\/2019.09.26.-Tengereszeti-Vilagnap-125-1024x503.jpg 1024w, https:\/\/hadihajosveteran.hu\/wp-content\/uploads\/2021\/10\/2019.09.26.-Tengereszeti-Vilagnap-125-300x147.jpg 300w, https:\/\/hadihajosveteran.hu\/wp-content\/uploads\/2021\/10\/2019.09.26.-Tengereszeti-Vilagnap-125-768x377.jpg 768w, https:\/\/hadihajosveteran.hu\/wp-content\/uploads\/2021\/10\/2019.09.26.-Tengereszeti-Vilagnap-125-900x442.jpg 900w, https:\/\/hadihajosveteran.hu\/wp-content\/uploads\/2021\/10\/2019.09.26.-Tengereszeti-Vilagnap-125-1280x628.jpg 1280w, https:\/\/hadihajosveteran.hu\/wp-content\/uploads\/2021\/10\/2019.09.26.-Tengereszeti-Vilagnap-125.jpg 1440w\" sizes=\"auto, (max-width: 1024px) 100vw, 1024px\" \/><\/a><\/figure><\/li><li class=\"blocks-gallery-item\"><figure><a href=\"http:\/\/hadihajosveteran.hu\/hhj2\/wp-content\/uploads\/2021\/10\/2019.09.26.-Tengereszeti-Vilagnap-12.jpg\"><img loading=\"lazy\" decoding=\"async\" width=\"1024\" height=\"576\" src=\"http:\/\/hadihajosveteran.hu\/hhj2\/wp-content\/uploads\/2021\/10\/2019.09.26.-Tengereszeti-Vilagnap-12-1024x576.jpg\" alt=\"\" data-id=\"1038\" data-full-url=\"http:\/\/hadihajosveteran.hu\/hhj2\/wp-content\/uploads\/2021\/10\/2019.09.26.-Tengereszeti-Vilagnap-12.jpg\" data-link=\"http:\/\/hadihajosveteran.hu\/hhj2\/?attachment_id=1038\" class=\"wp-image-1038\" srcset=\"https:\/\/hadihajosveteran.hu\/wp-content\/uploads\/2021\/10\/2019.09.26.-Tengereszeti-Vilagnap-12-1024x576.jpg 1024w, https:\/\/hadihajosveteran.hu\/wp-content\/uploads\/2021\/10\/2019.09.26.-Tengereszeti-Vilagnap-12-300x169.jpg 300w, https:\/\/hadihajosveteran.hu\/wp-content\/uploads\/2021\/10\/2019.09.26.-Tengereszeti-Vilagnap-12-768x432.jpg 768w, https:\/\/hadihajosveteran.hu\/wp-content\/uploads\/2021\/10\/2019.09.26.-Tengereszeti-Vilagnap-12-900x506.jpg 900w, https:\/\/hadihajosveteran.hu\/wp-content\/uploads\/2021\/10\/2019.09.26.-Tengereszeti-Vilagnap-12-1280x720.jpg 1280w, https:\/\/hadihajosveteran.hu\/wp-content\/uploads\/2021\/10\/2019.09.26.-Tengereszeti-Vilagnap-12.jpg 1320w\" sizes=\"auto, (max-width: 1024px) 100vw, 1024px\" \/><\/a><\/figure><\/li><li class=\"blocks-gallery-item\"><figure><a href=\"http:\/\/hadihajosveteran.hu\/hhj2\/wp-content\/uploads\/2021\/10\/2019.09.26.-Tengereszeti-Vilagnap-104.jpg\"><img loading=\"lazy\" decoding=\"async\" width=\"1024\" height=\"576\" src=\"http:\/\/hadihajosveteran.hu\/hhj2\/wp-content\/uploads\/2021\/10\/2019.09.26.-Tengereszeti-Vilagnap-104-1024x576.jpg\" alt=\"\" data-id=\"1039\" data-full-url=\"http:\/\/hadihajosveteran.hu\/hhj2\/wp-content\/uploads\/2021\/10\/2019.09.26.-Tengereszeti-Vilagnap-104.jpg\" data-link=\"http:\/\/hadihajosveteran.hu\/hhj2\/?attachment_id=1039\" class=\"wp-image-1039\" srcset=\"https:\/\/hadihajosveteran.hu\/wp-content\/uploads\/2021\/10\/2019.09.26.-Tengereszeti-Vilagnap-104-1024x576.jpg 1024w, https:\/\/hadihajosveteran.hu\/wp-content\/uploads\/2021\/10\/2019.09.26.-Tengereszeti-Vilagnap-104-300x169.jpg 300w, https:\/\/hadihajosveteran.hu\/wp-content\/uploads\/2021\/10\/2019.09.26.-Tengereszeti-Vilagnap-104-768x432.jpg 768w, https:\/\/hadihajosveteran.hu\/wp-content\/uploads\/2021\/10\/2019.09.26.-Tengereszeti-Vilagnap-104-900x506.jpg 900w, https:\/\/hadihajosveteran.hu\/wp-content\/uploads\/2021\/10\/2019.09.26.-Tengereszeti-Vilagnap-104-1280x720.jpg 1280w, https:\/\/hadihajosveteran.hu\/wp-content\/uploads\/2021\/10\/2019.09.26.-Tengereszeti-Vilagnap-104.jpg 1320w\" sizes=\"auto, (max-width: 1024px) 100vw, 1024px\" \/><\/a><\/figure><\/li><li class=\"blocks-gallery-item\"><figure><a href=\"http:\/\/hadihajosveteran.hu\/hhj2\/wp-content\/uploads\/2021\/10\/2019.09.26.-Tengereszeti-Vilagnap-102.jpg\"><img loading=\"lazy\" decoding=\"async\" width=\"1024\" height=\"576\" src=\"http:\/\/hadihajosveteran.hu\/hhj2\/wp-content\/uploads\/2021\/10\/2019.09.26.-Tengereszeti-Vilagnap-102-1024x576.jpg\" alt=\"\" data-id=\"1040\" data-full-url=\"http:\/\/hadihajosveteran.hu\/hhj2\/wp-content\/uploads\/2021\/10\/2019.09.26.-Tengereszeti-Vilagnap-102.jpg\" data-link=\"http:\/\/hadihajosveteran.hu\/hhj2\/?attachment_id=1040\" class=\"wp-image-1040\" srcset=\"https:\/\/hadihajosveteran.hu\/wp-content\/uploads\/2021\/10\/2019.09.26.-Tengereszeti-Vilagnap-102-1024x576.jpg 1024w, https:\/\/hadihajosveteran.hu\/wp-content\/uploads\/2021\/10\/2019.09.26.-Tengereszeti-Vilagnap-102-300x169.jpg 300w, https:\/\/hadihajosveteran.hu\/wp-content\/uploads\/2021\/10\/2019.09.26.-Tengereszeti-Vilagnap-102-768x432.jpg 768w, https:\/\/hadihajosveteran.hu\/wp-content\/uploads\/2021\/10\/2019.09.26.-Tengereszeti-Vilagnap-102-900x506.jpg 900w, https:\/\/hadihajosveteran.hu\/wp-content\/uploads\/2021\/10\/2019.09.26.-Tengereszeti-Vilagnap-102-1280x720.jpg 1280w, https:\/\/hadihajosveteran.hu\/wp-content\/uploads\/2021\/10\/2019.09.26.-Tengereszeti-Vilagnap-102.jpg 1320w\" sizes=\"auto, (max-width: 1024px) 100vw, 1024px\" \/><\/a><\/figure><\/li><\/ul><\/figure>\n","protected":false},"excerpt":{"rendered":"<p>2019. szeptember 26-\u00e1n a Nemzetk\u00f6zi Tenger\u00e9szeti Vil\u00e1gnap alkalm\u00e1b\u00f3l a tenger\u00e9sz-eml\u00e9km\u0171n\u00e9l tartott koszor\u00faz\u00e1son tagozatunk is k\u00e9pviseltette mag\u00e1t.<\/p>\n","protected":false},"author":2,"featured_media":1036,"comment_status":"closed","ping_status":"","sticky":false,"template":"","format":"standard","meta":{"footnotes":""},"categories":[5],"tags":[],"class_list":["post-1035","post","type-post","status-publish","format-standard","has-post-thumbnail","hentry","category-hirek_esemenyek"],"_links":{"self":[{"href":"https:\/\/hadihajosveteran.hu\/index.php?rest_route=\/wp\/v2\/posts\/1035","targetHints":{"allow":["GET"]}}],"collection":[{"href":"https:\/\/hadihajosveteran.hu\/index.php?rest_route=\/wp\/v2\/posts"}],"about":[{"href":"https:\/\/hadihajosveteran.hu\/index.php?rest_route=\/wp\/v2\/types\/post"}],"author":[{"embeddable":true,"href":"https:\/\/hadihajosveteran.hu\/index.php?rest_route=\/wp\/v2\/users\/2"}],"replies":[{"embeddable":true,"href":"https:\/\/hadihajosveteran.hu\/index.php?rest_route=%2Fwp%2Fv2%2Fcomments&post=1035"}],"version-history":[{"count":1,"href":"https:\/\/hadihajosveteran.hu\/index.php?rest_route=\/wp\/v2\/posts\/1035\/revisions"}],"predecessor-version":[{"id":1041,"href":"https:\/\/hadihajosveteran.hu\/index.php?rest_route=\/wp\/v2\/posts\/1035\/revisions\/1041"}],"wp:featuredmedia":[{"embeddable":true,"href":"https:\/\/hadihajosveteran.hu\/index.php?rest_route=\/wp\/v2\/media\/1036"}],"wp:attachment":[{"href":"https:\/\/hadihajosveteran.hu\/index.php?rest_route=%2Fwp%2Fv2%2Fmedia&parent=1035"}],"wp:term":[{"taxonomy":"category","embeddable":true,"href":"https:\/\/hadihajosveteran.hu\/index.php?rest_route=%2Fwp%2Fv2%2Fcategories&post=1035"},{"taxonomy":"post_tag","embeddable":true,"href":"https:\/\/hadihajosveteran.hu\/index.php?rest_route=%2Fwp%2Fv2%2Ftags&post=1035"}],"curies":[{"name":"wp","href":"https:\/\/api.w.org\/{rel}","templated":true}]}}