{"id":1086,"date":"2020-09-07T14:23:07","date_gmt":"2020-09-07T14:23:07","guid":{"rendered":"http:\/\/hadihajosveteran.hu\/hhj2\/?p=1086"},"modified":"2021-10-03T14:50:23","modified_gmt":"2021-10-03T14:50:23","slug":"intezkedes","status":"publish","type":"post","link":"https:\/\/hadihajosveteran.hu\/?p=1086","title":{"rendered":"INT\u00c9ZKED\u00c9S"},"content":{"rendered":"\n<p><strong>Az MH Katonai Igazgat\u00e1si \u00e9s K\u00f6zponti Nyilv\u00e1ntart\u00f3 Parancsnoks\u00e1g, 1. Katonai Igazgat\u00e1si K\u00f6zpont Budapest r\u00e9sz\u00e9r\u0151l ez\u00faton t\u00e1j\u00e9koztatjuk \u00d6n\u00f6ket, hogy a Magyar Honv\u00e9ds\u00e9g parancsnok\u00e1nak helyettese a fenn\u00e1ll\u00f3 j\u00e1rv\u00e1ny\u00fcgyi helyzet kapcs\u00e1n a rekre\u00e1ci\u00f3s tev\u00e9kenys\u00e9g vonatkoz\u00e1s\u00e1ban az al\u00e1bbiak szerint int\u00e9zkedett:<\/strong><\/p>\n\n\n\n<p><strong>A KORK-ok \u00e9s az MH RKKK \u00fczemsz\u00fcnet\u00e9nek meghosszabb\u00edt\u00e1sa<\/strong><br><strong>\u2022 Az MH Rekre\u00e1ci\u00f3s, Kik\u00e9pz\u00e9si \u00e9s Konferencia K\u00f6zpontban (MH RKKK) 2020. j\u00fanius 18-ig;<\/strong><br><strong>\u2022 A Kik\u00e9pz\u00e9si- Oktat\u00e1si \u00e9s Regener\u00e1l\u00f3 K\u00f6zpontokban (KORK) egys\u00e9gesen 2020. j\u00fanius 21-ig ker\u00fcl meghosszabb\u00edt\u00e1s\u00e1ra az \u00fczemsz\u00fcnet.<\/strong><br><strong>A f\u0151szezoni rekre\u00e1ci\u00f3s \u00e9s regener\u00e1l\u00f3 pihen\u00e9sek ig\u00e9nybev\u00e9tele<\/strong><br><strong>\u2022 A f\u0151szezoni rekre\u00e1ci\u00f3s \u00e9s regener\u00e1l\u00f3 pihen\u00e9sekkel kapcsolatos feladatokat egyel\u0151re nem \u00e9rinti a korl\u00e1toz\u00e1s.<\/strong><br><strong>\u2022 A vesz\u00e9lyhelyzet elh\u00faz\u00f3d\u00e1sa eset\u00e9n a f\u0151szezoni pihentet\u00e9s felf\u00fcggeszt\u00e9s\u00e9re MH PKH \u00far legk\u00e9s\u0151bb a f\u0151szezon kezdete el\u0151tt 30 nappal int\u00e9zkedik.<\/strong><\/p>\n","protected":false},"excerpt":{"rendered":"<p>Az MH Katonai Igazgat\u00e1si \u00e9s K\u00f6zponti Nyilv\u00e1ntart\u00f3 Parancsnoks\u00e1g, 1. Katonai Igazgat\u00e1si K\u00f6zpont Budapest r\u00e9sz\u00e9r\u0151l ez\u00faton t\u00e1j\u00e9koztatjuk \u00d6n\u00f6ket, hogy a Magyar Honv\u00e9ds\u00e9g parancsnok\u00e1nak helyettese a fenn\u00e1ll\u00f3 j\u00e1rv\u00e1ny\u00fcgyi helyzet kapcs\u00e1n a rekre\u00e1ci\u00f3s tev\u00e9kenys\u00e9g vonatkoz\u00e1s\u00e1ban az al\u00e1bbiak szerint int\u00e9zkedett: A KORK-ok \u00e9s az MH RKKK \u00fczemsz\u00fcnet\u00e9nek meghosszabb\u00edt\u00e1sa\u2022 Az MH Rekre\u00e1ci\u00f3s, Kik\u00e9pz\u00e9si \u00e9s Konferencia K\u00f6zpontban (MH RKKK) 2020. j\u00fanius [&hellip;]<\/p>\n","protected":false},"author":2,"featured_media":1081,"comment_status":"closed","ping_status":"closed","sticky":false,"template":"","format":"standard","meta":{"footnotes":""},"categories":[5],"tags":[],"class_list":["post-1086","post","type-post","status-publish","format-standard","has-post-thumbnail","hentry","category-hirek_esemenyek"],"_links":{"self":[{"href":"https:\/\/hadihajosveteran.hu\/index.php?rest_route=\/wp\/v2\/posts\/1086","targetHints":{"allow":["GET"]}}],"collection":[{"href":"https:\/\/hadihajosveteran.hu\/index.php?rest_route=\/wp\/v2\/posts"}],"about":[{"href":"https:\/\/hadihajosveteran.hu\/index.php?rest_route=\/wp\/v2\/types\/post"}],"author":[{"embeddable":true,"href":"https:\/\/hadihajosveteran.hu\/index.php?rest_route=\/wp\/v2\/users\/2"}],"replies":[{"embeddable":true,"href":"https:\/\/hadihajosveteran.hu\/index.php?rest_route=%2Fwp%2Fv2%2Fcomments&post=1086"}],"version-history":[{"count":1,"href":"https:\/\/hadihajosveteran.hu\/index.php?rest_route=\/wp\/v2\/posts\/1086\/revisions"}],"predecessor-version":[{"id":1087,"href":"https:\/\/hadihajosveteran.hu\/index.php?rest_route=\/wp\/v2\/posts\/1086\/revisions\/1087"}],"wp:featuredmedia":[{"embeddable":true,"href":"https:\/\/hadihajosveteran.hu\/index.php?rest_route=\/wp\/v2\/media\/1081"}],"wp:attachment":[{"href":"https:\/\/hadihajosveteran.hu\/index.php?rest_route=%2Fwp%2Fv2%2Fmedia&parent=1086"}],"wp:term":[{"taxonomy":"category","embeddable":true,"href":"https:\/\/hadihajosveteran.hu\/index.php?rest_route=%2Fwp%2Fv2%2Fcategories&post=1086"},{"taxonomy":"post_tag","embeddable":true,"href":"https:\/\/hadihajosveteran.hu\/index.php?rest_route=%2Fwp%2Fv2%2Ftags&post=1086"}],"curies":[{"name":"wp","href":"https:\/\/api.w.org\/{rel}","templated":true}]}}