{"id":1088,"date":"2020-09-07T14:27:00","date_gmt":"2020-09-07T14:27:00","guid":{"rendered":"http:\/\/hadihajosveteran.hu\/hhj2\/?p=1088"},"modified":"2021-10-03T14:47:47","modified_gmt":"2021-10-03T14:47:47","slug":"felfuggesztes","status":"publish","type":"post","link":"https:\/\/hadihajosveteran.hu\/?p=1088","title":{"rendered":"Felf\u00fcggeszt\u00e9s&#8230;"},"content":{"rendered":"\n<p class=\"has-text-align-center\">\u201e<em>Navigare necesse est, vivere non est necesse.\u201d<\/em><\/p>\n\n\n\n<p class=\"has-text-align-center\"><em><strong>Tisztelt Tagt\u00e1rsak!<\/strong><\/em><\/p>\n\n\n\n<p><a><\/a>Az elm\u00falt id\u0151szak v\u00edrus okozta kih\u00edv\u00e1sai, egy\u00e9rtelm\u0171en megmutatt\u00e1k, hogy az eddigi \u00e9letvitel\u00fcnk, megszok\u00e1saink jelent\u0151s v\u00e1ltoz\u00e1sokon fog \u00e1tesni.<\/p>\n\n\n\n<p><em><strong>A koronav\u00edrus-j\u00e1rv\u00e1ny miatti korl\u00e1toz\u00e1sokat jelenleg a gazdas\u00e1g \u00fajra indul\u00e1sa miatt laz\u00edtj\u00e1k, de hogyan tov\u00e1bb?<\/strong><\/em><\/p>\n\n\n\n<p><em><strong>Az eset sz\u00e1mok n\u00f6veked\u00e9se a v\u00edrus \u00f3ri\u00e1s m\u00e9ret\u0171 berobban\u00e1sa sajnos egyre ink\u00e1bb val\u00f3s\u00e1gg\u00e1 v\u00e1lik. Mindennapjaink r\u00e9sze a maszkvisel\u00e9se a fert\u0151tlen\u00edt\u0151 illat\u00e1nak a megszok\u00e1sa \u00e9s a t\u00e1vols\u00e1gtart\u00e1s. Az is igaz, hogy egyre t\u00f6bben vannak olyanok is, akik belef\u00e1radtak m\u00e1r ebbe a k\u00fczdelembe \u00e9s nem tartj\u00e1k be a minim\u00e1lis biztons\u00e1gi rendszab\u00e1lyokat sem, \u00edgy vesz\u00e9lyeztetve maguk \u00e9s m\u00e1sok eg\u00e9szs\u00e9g\u00e9t.<\/strong><\/em><\/p>\n\n\n\n<p><em><u><strong>Az emberi \u00e9let v\u00e9delme, szeretteink t\u00e1rsaink biztons\u00e1ga mindenn\u00e9l fontosabb!<\/strong><\/u><\/em><\/p>\n\n\n\n<p><em><strong>Sajnos az \u00fajra indul\u00e1si terveink-e fontos k\u00f6vetelm\u00e9nyek miatt meghi\u00fasultak. Meggy\u0151z\u0151d\u00e9sem, hogy a felel\u0151s d\u00f6nt\u00e9s az, hogy jelenleg sz\u00fcneteltess\u00fck a tagozat munk\u00e1j\u00e1t \u00e9s v\u00e1rjuk ki azt az id\u0151t, m\u00edg biztons\u00e1gosan lehet \u00fajra tervezni a klubnapokat. Hogy ez mikor lesz, csak tippelni tudjuk. Egy biztos, a hat\u00e1sos vakcina vagy gy\u00f3gyszer megjelen\u00e9se \u00e9s az \u00e1toltotts\u00e1g mindenk\u00e9ppen sz\u00fcks\u00e9ges hozz\u00e1.<\/strong><\/em><\/p>\n\n\n\n<p><em><u><strong><span class=\"has-inline-color has-accent-color\">Mindezek alapj\u00e1n a tagozat vezet\u0151s\u00e9ge, felf\u00fcggeszti a Hadihaj\u00f3s Nyugd\u00edjas Tagozat havi klubnapjainak a levezet\u00e9s\u00e9t j\u00f6v\u0151 \u00e9v<\/span> <span class=\"has-inline-color has-accent-color\">m\u00e1rcius\u00e1ig.<\/span><\/strong><\/u><\/em><\/p>\n\n\n\n<ol class=\"wp-block-list\"><li>Atagozat vezet\u0151s\u00e9ge tov\u00e1bbra is ell\u00e1tja tagok \u00e9rdekv\u00e9delm\u00e9t, sz\u00fcks\u00e9g szerinti szoci\u00e1lis \u00e9s kegyeleti gondoskod\u00e1s\u00e1t. Fenntartja a kapcsolatot \u00e9s minden sz\u00fcks\u00e9ges int\u00e9zked\u00e9st megtesz, hogy a tagozat j\u00f6v\u0151 m\u00e1rciusban \u00fajra \u00e9rdekes programokkal v\u00e1rhassa a tagozat minden egyes tagj\u00e1t.<\/li><li>Fenntartja a Klub \u00e9s az alakulat ir\u00e1ny\u00e1ban a kapcsolatot a sz\u00fcks\u00e9ges m\u00e9rt\u00e9kben;<\/li><li>A k\u00e9nyszer sz\u00fcnet alatt megkezdi a honlapunkra \u00faj \u00e9s \u00e9rdekes anyagokat felt\u00f6lt\u00e9s\u00e9t ( aki rendelkezik az alakulat t\u00f6rt\u00e9nelm\u00e9vel kapcsolatos anyagokkal k\u00e9rem jutassa el a szerkeszt\u0151kh\u00f6z (F\u00fczesi J\u00f3zsi);<\/li><li>A Halottak Napi megeml\u00e9kez\u00e9st, ha helyzet engedi, megtartjuk a Megyeri \u00fati temet\u0151ben (Az adott id\u0151pont el\u0151tt egy h\u00e9ttel jelz\u00fcnk, a rendezv\u00e9ny megtart\u00e1sa vagy elhalaszt\u00e1sa fel\u00f6l.);<\/li><li>A Klub \u00e1ltal szervezett programokat tov\u00e1bb\u00edtja a tags\u00e1g fel\u00e9, mellyen mindenki a saj\u00e1t felel\u0151s\u00e9g\u00e9re vehet r\u00e9szt!<\/li><li>A tags\u00e1ggal havi rendszeress\u00e9ggel tartja a kapcsolatot telefonon, interneten kereszt\u00fcl;<\/li><\/ol>\n\n\n\n<p>Embert pr\u00f3b\u00e1l\u00f3 id\u0151ket \u00e9l\u00fcnk, k\u00e9rek mindenkit, hogy ne feledkezzetek meg egym\u00e1sr\u00f3l, egy-egy telefon esetleg SMS, vagy email csod\u00e1kra k\u00e9pes. A tags\u00e1g \u00f6sszetart\u00f3 ereje mindenkinek seg\u00edthet \u00e1tv\u00e9szelni ezt az id\u0151szakot. Tegy\u00fck h\u00e1t meg egym\u00e1s\u00e9rt, bar\u00e1taink\u00e9rt \u00e9s nem utols\u00f3 sorban magunk\u00e9rt.<\/p>\n\n\n\n<p><strong>Vigy\u00e1zzatok magatokra \u00e9s szeretteitekre, mindenkinek j\u00f3 eg\u00e9szs\u00e9get k\u00edv\u00e1nok!<\/strong><\/p>\n\n\n\n<p>A miel\u0151bbi viszontl\u00e1t\u00e1sra!<\/p>\n\n\n\n<p>Budapest 2020, szeptember 07.-\u00e9n<\/p>\n\n\n\n<p>Hajdu G\u00e1bor ny\u00e1. ezredes<\/p>\n\n\n\n<p>eln\u00f6k sk.<\/p>\n","protected":false},"excerpt":{"rendered":"<p>\u201eNavigare necesse est, vivere non est necesse.\u201d Tisztelt Tagt\u00e1rsak! Az elm\u00falt id\u0151szak v\u00edrus okozta kih\u00edv\u00e1sai, egy\u00e9rtelm\u0171en megmutatt\u00e1k, hogy az eddigi \u00e9letvitel\u00fcnk, megszok\u00e1saink jelent\u0151s v\u00e1ltoz\u00e1sokon fog \u00e1tesni. A koronav\u00edrus-j\u00e1rv\u00e1ny miatti korl\u00e1toz\u00e1sokat jelenleg a gazdas\u00e1g \u00fajra indul\u00e1sa miatt laz\u00edtj\u00e1k, de hogyan tov\u00e1bb? Az eset sz\u00e1mok n\u00f6veked\u00e9se a v\u00edrus \u00f3ri\u00e1s m\u00e9ret\u0171 berobban\u00e1sa sajnos egyre ink\u00e1bb val\u00f3s\u00e1gg\u00e1 v\u00e1lik. Mindennapjaink [&hellip;]<\/p>\n","protected":false},"author":2,"featured_media":1081,"comment_status":"closed","ping_status":"","sticky":false,"template":"","format":"standard","meta":{"footnotes":""},"categories":[5],"tags":[],"class_list":["post-1088","post","type-post","status-publish","format-standard","has-post-thumbnail","hentry","category-hirek_esemenyek"],"_links":{"self":[{"href":"https:\/\/hadihajosveteran.hu\/index.php?rest_route=\/wp\/v2\/posts\/1088","targetHints":{"allow":["GET"]}}],"collection":[{"href":"https:\/\/hadihajosveteran.hu\/index.php?rest_route=\/wp\/v2\/posts"}],"about":[{"href":"https:\/\/hadihajosveteran.hu\/index.php?rest_route=\/wp\/v2\/types\/post"}],"author":[{"embeddable":true,"href":"https:\/\/hadihajosveteran.hu\/index.php?rest_route=\/wp\/v2\/users\/2"}],"replies":[{"embeddable":true,"href":"https:\/\/hadihajosveteran.hu\/index.php?rest_route=%2Fwp%2Fv2%2Fcomments&post=1088"}],"version-history":[{"count":1,"href":"https:\/\/hadihajosveteran.hu\/index.php?rest_route=\/wp\/v2\/posts\/1088\/revisions"}],"predecessor-version":[{"id":1089,"href":"https:\/\/hadihajosveteran.hu\/index.php?rest_route=\/wp\/v2\/posts\/1088\/revisions\/1089"}],"wp:featuredmedia":[{"embeddable":true,"href":"https:\/\/hadihajosveteran.hu\/index.php?rest_route=\/wp\/v2\/media\/1081"}],"wp:attachment":[{"href":"https:\/\/hadihajosveteran.hu\/index.php?rest_route=%2Fwp%2Fv2%2Fmedia&parent=1088"}],"wp:term":[{"taxonomy":"category","embeddable":true,"href":"https:\/\/hadihajosveteran.hu\/index.php?rest_route=%2Fwp%2Fv2%2Fcategories&post=1088"},{"taxonomy":"post_tag","embeddable":true,"href":"https:\/\/hadihajosveteran.hu\/index.php?rest_route=%2Fwp%2Fv2%2Ftags&post=1088"}],"curies":[{"name":"wp","href":"https:\/\/api.w.org\/{rel}","templated":true}]}}