{"id":1643,"date":"2021-12-02T12:20:00","date_gmt":"2021-12-02T10:20:00","guid":{"rendered":"http:\/\/hadihajosveteran.hu\/hhj2\/?p=1643"},"modified":"2021-12-15T13:20:41","modified_gmt":"2021-12-15T11:20:41","slug":"a-2021-ben-megtartott-tagozati-esemenyek","status":"publish","type":"post","link":"https:\/\/hadihajosveteran.hu\/?p=1643","title":{"rendered":"A  2021-ben  megtartott   tagozati  esem\u00e9nyek"},"content":{"rendered":"\n<p><\/p>\n\n\n\n<p><\/p>\n\n\n\n<h2 class=\"has-text-align-center wp-block-heading\"><strong>Szeptember &nbsp;13. &nbsp;<\/strong><\/h2>\n\n\n\n<p>Kihelyezett &nbsp;tagozati &nbsp;\u00f6sszej\u00f6vetel &nbsp;Dunakeszin.<\/p>\n\n\n\n<figure class=\"wp-block-image size-full is-resized\"><img loading=\"lazy\" decoding=\"async\" src=\"http:\/\/hadihajosveteran.hu\/hhj2\/wp-content\/uploads\/2021\/12\/DUNAKESZI-2021.jpg\" alt=\"\" class=\"wp-image-1645\" width=\"597\" height=\"447\" srcset=\"https:\/\/hadihajosveteran.hu\/wp-content\/uploads\/2021\/12\/DUNAKESZI-2021.jpg 960w, https:\/\/hadihajosveteran.hu\/wp-content\/uploads\/2021\/12\/DUNAKESZI-2021-300x225.jpg 300w, https:\/\/hadihajosveteran.hu\/wp-content\/uploads\/2021\/12\/DUNAKESZI-2021-768x576.jpg 768w, https:\/\/hadihajosveteran.hu\/wp-content\/uploads\/2021\/12\/DUNAKESZI-2021-900x675.jpg 900w\" sizes=\"auto, (max-width: 597px) 100vw, 597px\" \/><\/figure>\n\n\n\n<p>Ezzel &nbsp;az &nbsp;esem\u00e9nnyel &nbsp;k\u00edv\u00e1ntuk &nbsp;kezdeni &nbsp;ez \u00e9vi &nbsp;programjainkat,<\/p>\n\n\n\n<p>&nbsp;mivel &nbsp;a COVID-19 &nbsp;j\u00e1rv\u00e1ny &nbsp;miatt &nbsp;&nbsp;&nbsp;eddig &nbsp;nem &nbsp;tal\u00e1lkozhattunk.<\/p>\n\n\n\n<p>&nbsp;Az &nbsp;esem\u00e9ny, &nbsp;amelyen &nbsp;a tags\u00e1g &nbsp;nagy &nbsp;l\u00e9tsz\u00e1mban &nbsp;vett &nbsp;r\u00e9szt,<\/p>\n\n\n\n<p>&nbsp;nagyon &nbsp;sz\u00e9p &nbsp;id\u0151ben &nbsp;zajlott &nbsp;le. &nbsp;A &nbsp;j\u00f6v\u0151beni &nbsp;&nbsp;terveket &nbsp;felv\u00e1zol\u00f3 &nbsp;<\/p>\n\n\n\n<p>&nbsp;eln\u00f6ki &nbsp;t\u00e1j\u00e9koztat\u00f3 &nbsp;ut\u00e1n &nbsp;&nbsp;j\u00f3 &nbsp;hangulat\u00fa &nbsp;zs\u00edroskeny\u00e9r-parti<\/p>\n\n\n\n<p> k\u00f6vetkezett.<br><\/p>\n\n\n\n<p><\/p>\n\n\n\n<h2 class=\"has-text-align-center wp-block-heading\"><strong>Szeptember &nbsp;28.<\/strong> <\/h2>\n\n\n\n<p><\/p>\n\n\n\n<figure class=\"wp-block-image size-full\"><img loading=\"lazy\" decoding=\"async\" width=\"900\" height=\"600\" src=\"http:\/\/hadihajosveteran.hu\/hhj2\/wp-content\/uploads\/2021\/12\/Tuzszereszek-napja-.jpg\" alt=\"\" class=\"wp-image-1648\" srcset=\"https:\/\/hadihajosveteran.hu\/wp-content\/uploads\/2021\/12\/Tuzszereszek-napja-.jpg 900w, https:\/\/hadihajosveteran.hu\/wp-content\/uploads\/2021\/12\/Tuzszereszek-napja--300x200.jpg 300w, https:\/\/hadihajosveteran.hu\/wp-content\/uploads\/2021\/12\/Tuzszereszek-napja--768x512.jpg 768w\" sizes=\"auto, (max-width: 900px) 100vw, 900px\" \/><\/figure>\n\n\n\n<p>T\u0171zszer\u00e9sz &nbsp;Eml\u00e9knap. &nbsp;A &nbsp;Hadt\u00f6rt\u00e9neti &nbsp;Int\u00e9zet &nbsp;d\u00edszudvar\u00e1ban &nbsp;\u00e9s &nbsp;a<\/p>\n\n\n\n<p>&nbsp;Logodi utcai &nbsp;t\u0171zszer\u00e9sz &nbsp;eml\u00e9km\u0171n\u00e9l &nbsp;tartott &nbsp;megeml\u00e9kez\u00e9sen &nbsp;<\/p>\n\n\n\n<p>&nbsp;tagozatunk &nbsp;a &nbsp;vezet\u0151s\u00e9g &nbsp;tagjaival &nbsp;k\u00e9pviseltette &nbsp;mag\u00e1t.<\/p>\n\n\n\n<p><\/p>\n\n\n\n<h2 class=\"has-text-align-center wp-block-heading\"><strong>Szeptember &nbsp;30. &nbsp;<\/strong><\/h2>\n\n\n\n<figure class=\"wp-block-image size-large\"><img loading=\"lazy\" decoding=\"async\" width=\"1024\" height=\"683\" src=\"http:\/\/hadihajosveteran.hu\/hhj2\/wp-content\/uploads\/2021\/12\/Tengereszeti-Vilagnap-1-66-1024x683.jpg\" alt=\"\" class=\"wp-image-1650\" srcset=\"https:\/\/hadihajosveteran.hu\/wp-content\/uploads\/2021\/12\/Tengereszeti-Vilagnap-1-66-1024x683.jpg 1024w, https:\/\/hadihajosveteran.hu\/wp-content\/uploads\/2021\/12\/Tengereszeti-Vilagnap-1-66-300x200.jpg 300w, https:\/\/hadihajosveteran.hu\/wp-content\/uploads\/2021\/12\/Tengereszeti-Vilagnap-1-66-768x512.jpg 768w, https:\/\/hadihajosveteran.hu\/wp-content\/uploads\/2021\/12\/Tengereszeti-Vilagnap-1-66-900x600.jpg 900w, https:\/\/hadihajosveteran.hu\/wp-content\/uploads\/2021\/12\/Tengereszeti-Vilagnap-1-66.jpg 1120w\" sizes=\"auto, (max-width: 1024px) 100vw, 1024px\" \/><\/figure>\n\n\n\n<p>&nbsp;A &nbsp;Nemzetk\u00f6zi &nbsp;Tenger\u00e9szeti &nbsp;Vil\u00e1gnap &nbsp;alkalm\u00e1b\u00f3l &nbsp;a &nbsp;Duna-korz\u00f3n<\/p>\n\n\n\n<p>&nbsp;l\u00e9v\u0151 &nbsp;tenger\u00e9sz &nbsp;eml\u00e9km\u0171n\u00e9l &nbsp;rendezett &nbsp;koszor\u00faz\u00e1son, &nbsp;mint minden<\/p>\n\n\n\n<p>&nbsp;\u00e9vben, &nbsp;most &nbsp;is r\u00e9szt &nbsp;vett &nbsp;a &nbsp;tagozat &nbsp;vezet\u0151s\u00e9ge.<\/p>\n\n\n\n<figure class=\"wp-block-image size-large\"><img loading=\"lazy\" decoding=\"async\" width=\"1024\" height=\"498\" src=\"http:\/\/hadihajosveteran.hu\/hhj2\/wp-content\/uploads\/2021\/12\/Teng.-vilagnap-2021-2-c-1024x498.jpg\" alt=\"\" class=\"wp-image-1651\" srcset=\"https:\/\/hadihajosveteran.hu\/wp-content\/uploads\/2021\/12\/Teng.-vilagnap-2021-2-c-1024x498.jpg 1024w, https:\/\/hadihajosveteran.hu\/wp-content\/uploads\/2021\/12\/Teng.-vilagnap-2021-2-c-300x146.jpg 300w, https:\/\/hadihajosveteran.hu\/wp-content\/uploads\/2021\/12\/Teng.-vilagnap-2021-2-c-768x373.jpg 768w, https:\/\/hadihajosveteran.hu\/wp-content\/uploads\/2021\/12\/Teng.-vilagnap-2021-2-c-900x437.jpg 900w, https:\/\/hadihajosveteran.hu\/wp-content\/uploads\/2021\/12\/Teng.-vilagnap-2021-2-c.jpg 1142w\" sizes=\"auto, (max-width: 1024px) 100vw, 1024px\" \/><\/figure>\n\n\n\n<p><\/p>\n\n\n\n<figure class=\"wp-block-image size-large\"><img loading=\"lazy\" decoding=\"async\" width=\"1024\" height=\"457\" src=\"http:\/\/hadihajosveteran.hu\/hhj2\/wp-content\/uploads\/2021\/12\/Teng.-vilagnap-2021-3-a-1024x457.jpg\" alt=\"\" class=\"wp-image-1652\" srcset=\"https:\/\/hadihajosveteran.hu\/wp-content\/uploads\/2021\/12\/Teng.-vilagnap-2021-3-a-1024x457.jpg 1024w, https:\/\/hadihajosveteran.hu\/wp-content\/uploads\/2021\/12\/Teng.-vilagnap-2021-3-a-300x134.jpg 300w, https:\/\/hadihajosveteran.hu\/wp-content\/uploads\/2021\/12\/Teng.-vilagnap-2021-3-a-768x343.jpg 768w, https:\/\/hadihajosveteran.hu\/wp-content\/uploads\/2021\/12\/Teng.-vilagnap-2021-3-a-900x402.jpg 900w, https:\/\/hadihajosveteran.hu\/wp-content\/uploads\/2021\/12\/Teng.-vilagnap-2021-3-a.jpg 1185w\" sizes=\"auto, (max-width: 1024px) 100vw, 1024px\" \/><\/figure>\n\n\n\n<p><\/p>\n\n\n\n<p><\/p>\n\n\n\n<h2 class=\"has-text-align-center wp-block-heading\">Okt\u00f3ber &nbsp;4. &nbsp;<\/h2>\n\n\n\n<h2 class=\"has-text-align-center wp-block-heading\">&nbsp;<\/h2>\n\n\n\n<figure class=\"wp-block-image size-full\"><img loading=\"lazy\" decoding=\"async\" width=\"960\" height=\"720\" src=\"http:\/\/hadihajosveteran.hu\/hhj2\/wp-content\/uploads\/2021\/12\/Kihajozas-1.jpg\" alt=\"\" class=\"wp-image-1653\" srcset=\"https:\/\/hadihajosveteran.hu\/wp-content\/uploads\/2021\/12\/Kihajozas-1.jpg 960w, https:\/\/hadihajosveteran.hu\/wp-content\/uploads\/2021\/12\/Kihajozas-1-300x225.jpg 300w, https:\/\/hadihajosveteran.hu\/wp-content\/uploads\/2021\/12\/Kihajozas-1-768x576.jpg 768w, https:\/\/hadihajosveteran.hu\/wp-content\/uploads\/2021\/12\/Kihajozas-1-900x675.jpg 900w\" sizes=\"auto, (max-width: 960px) 100vw, 960px\" \/><\/figure>\n\n\n\n<p>Ez\u00fattal &nbsp;&nbsp;kit\u0171n\u0151 &nbsp;id\u0151ben &nbsp;ker\u00fclt &nbsp;sor &nbsp;a &nbsp;r\u00e9gen &nbsp;v\u00e1rt &nbsp;kihaj\u00f3z\u00e1sra, &nbsp;amelynek<\/p>\n\n\n\n<p>sor\u00e1n &nbsp;AM &nbsp;nasz\u00e1ddal &nbsp;elhaj\u00f3ztunk &nbsp;az &nbsp;Orsz\u00e1gh\u00e1zig, &nbsp;majd r\u00f6vid &nbsp;utat &nbsp;&nbsp;&nbsp;<\/p>\n\n\n\n<p>tett\u00fcnk &nbsp;egy &nbsp;korszer\u0171s\u00edtett &nbsp;AN 2-es &nbsp;t\u0171zszer\u00e9sz j\u00e1r\u0151rhaj\u00f3val. &nbsp;&nbsp;<\/p>\n\n\n\n<p>Ezt &nbsp;k\u00f6vet\u0151en &nbsp;megtekintett\u00fck &nbsp;a &nbsp;kuty\u00e1s-t\u0171zszer\u00e9sz szolg\u00e1lat &nbsp;bemutat\u00f3j\u00e1t<br>\u00e9s &nbsp;meghallgattunk &nbsp;a &nbsp;tev\u00e9kenys\u00e9g\u00fcket ismertet\u0151 &nbsp;besz\u00e1mol\u00f3t.<\/p>\n\n\n\n<figure class=\"wp-block-image size-full\"><img loading=\"lazy\" decoding=\"async\" width=\"816\" height=\"612\" src=\"http:\/\/hadihajosveteran.hu\/hhj2\/wp-content\/uploads\/2021\/12\/Kihajozas-2.jpg\" alt=\"\" class=\"wp-image-1654\" srcset=\"https:\/\/hadihajosveteran.hu\/wp-content\/uploads\/2021\/12\/Kihajozas-2.jpg 816w, https:\/\/hadihajosveteran.hu\/wp-content\/uploads\/2021\/12\/Kihajozas-2-300x225.jpg 300w, https:\/\/hadihajosveteran.hu\/wp-content\/uploads\/2021\/12\/Kihajozas-2-768x576.jpg 768w\" sizes=\"auto, (max-width: 816px) 100vw, 816px\" \/><\/figure>\n\n\n\n<p><\/p>\n\n\n\n<h2 class=\"has-text-align-center wp-block-heading\"><strong>Okt\u00f3ber &nbsp;25.<\/strong> &nbsp;&nbsp;<\/h2>\n\n\n\n<p>Erdei &nbsp;t\u00fara &nbsp;a &nbsp;Hat\u00e1r &nbsp;nyereg \u2013 H\u00e1rmashat\u00e1rhegyi &nbsp;rep\u00fcl\u0151t\u00e9r &nbsp;\u00fatvonalon<\/p>\n\n\n\n<p>\u00f6t &nbsp;f\u0151 r\u00e9szv\u00e9tel\u00e9vel. &nbsp;<\/p>\n\n\n\n<div class=\"wp-block-image\"><figure class=\"aligncenter size-full is-resized\"><img loading=\"lazy\" decoding=\"async\" src=\"http:\/\/hadihajosveteran.hu\/hhj2\/wp-content\/uploads\/2021\/12\/Tura-3.jpeg\" alt=\"\" class=\"wp-image-1655\" width=\"445\" height=\"593\" srcset=\"https:\/\/hadihajosveteran.hu\/wp-content\/uploads\/2021\/12\/Tura-3.jpeg 750w, https:\/\/hadihajosveteran.hu\/wp-content\/uploads\/2021\/12\/Tura-3-225x300.jpeg 225w\" sizes=\"auto, (max-width: 445px) 100vw, 445px\" \/><\/figure><\/div>\n\n\n\n<p><br>Terveink &nbsp;szerint &nbsp;az &nbsp;elk\u00f6vetkezend\u0151 &nbsp;h\u00f3napokban,<\/p>\n\n\n\n<p>tagozati &nbsp;\u00f6sszej\u00f6veteleink &nbsp;sz\u00fcneteltet\u00e9se &nbsp;idej\u00e9n, is &nbsp;rendez\u00fcnk &nbsp;tov\u00e1bbi<\/p>\n\n\n\n<p>hasonl\u00f3 &nbsp;k\u00f6nny\u0171 &nbsp;t\u00far\u00e1kat.<br><\/p>\n\n\n\n<div class=\"wp-block-image\"><figure class=\"aligncenter size-large is-resized\"><img loading=\"lazy\" decoding=\"async\" src=\"http:\/\/hadihajosveteran.hu\/hhj2\/wp-content\/uploads\/2021\/12\/TURA-2-575x1024.jpg\" alt=\"\" class=\"wp-image-1656\" width=\"454\" height=\"808\" srcset=\"https:\/\/hadihajosveteran.hu\/wp-content\/uploads\/2021\/12\/TURA-2-575x1024.jpg 575w, https:\/\/hadihajosveteran.hu\/wp-content\/uploads\/2021\/12\/TURA-2-168x300.jpg 168w, https:\/\/hadihajosveteran.hu\/wp-content\/uploads\/2021\/12\/TURA-2-768x1368.jpg 768w, https:\/\/hadihajosveteran.hu\/wp-content\/uploads\/2021\/12\/TURA-2-863x1536.jpg 863w, https:\/\/hadihajosveteran.hu\/wp-content\/uploads\/2021\/12\/TURA-2-1150x2048.jpg 1150w, https:\/\/hadihajosveteran.hu\/wp-content\/uploads\/2021\/12\/TURA-2-900x1603.jpg 900w, https:\/\/hadihajosveteran.hu\/wp-content\/uploads\/2021\/12\/TURA-2-1280x2279.jpg 1280w, https:\/\/hadihajosveteran.hu\/wp-content\/uploads\/2021\/12\/TURA-2-scaled.jpg 1438w\" sizes=\"auto, (max-width: 454px) 100vw, 454px\" \/><\/figure><\/div>\n\n\n\n<div class=\"wp-block-image\"><figure class=\"aligncenter size-large is-resized\"><img loading=\"lazy\" decoding=\"async\" src=\"http:\/\/hadihajosveteran.hu\/hhj2\/wp-content\/uploads\/2021\/12\/TURA-1-1-768x1024.jpg\" alt=\"\" class=\"wp-image-1658\" width=\"458\" height=\"610\" srcset=\"https:\/\/hadihajosveteran.hu\/wp-content\/uploads\/2021\/12\/TURA-1-1-768x1024.jpg 768w, https:\/\/hadihajosveteran.hu\/wp-content\/uploads\/2021\/12\/TURA-1-1-225x300.jpg 225w, https:\/\/hadihajosveteran.hu\/wp-content\/uploads\/2021\/12\/TURA-1-1-1152x1536.jpg 1152w, https:\/\/hadihajosveteran.hu\/wp-content\/uploads\/2021\/12\/TURA-1-1-900x1200.jpg 900w, https:\/\/hadihajosveteran.hu\/wp-content\/uploads\/2021\/12\/TURA-1-1.jpg 1200w\" sizes=\"auto, (max-width: 458px) 100vw, 458px\" \/><\/figure><\/div>\n\n\n\n<p><\/p>\n\n\n\n<h2 class=\"has-text-align-center wp-block-heading\">Okt\u00f3ber &nbsp;28. &nbsp;&nbsp;&nbsp;&nbsp;<\/h2>\n\n\n\n<h2 class=\"has-text-align-center wp-block-heading\">&nbsp;&nbsp;&nbsp;&nbsp;&nbsp;<\/h2>\n\n\n\n<p>Id\u00e9n, &nbsp;Halottak &nbsp;Napja &nbsp;alkalm\u00e1b\u00f3l, &nbsp;egykori &nbsp;tagt\u00e1rsunk &nbsp;K\u00e1llay &nbsp;L\u00e1szl\u00f3 &nbsp;tzls &nbsp;&nbsp;&nbsp;<\/p>\n\n\n\n<figure class=\"wp-block-image size-large\"><img loading=\"lazy\" decoding=\"async\" width=\"1024\" height=\"768\" src=\"http:\/\/hadihajosveteran.hu\/hhj2\/wp-content\/uploads\/2021\/12\/KOSZORUZAS-R.-PALOTA-1024x768.jpg\" alt=\"\" class=\"wp-image-1659\" srcset=\"https:\/\/hadihajosveteran.hu\/wp-content\/uploads\/2021\/12\/KOSZORUZAS-R.-PALOTA-1024x768.jpg 1024w, https:\/\/hadihajosveteran.hu\/wp-content\/uploads\/2021\/12\/KOSZORUZAS-R.-PALOTA-300x225.jpg 300w, https:\/\/hadihajosveteran.hu\/wp-content\/uploads\/2021\/12\/KOSZORUZAS-R.-PALOTA-768x576.jpg 768w, https:\/\/hadihajosveteran.hu\/wp-content\/uploads\/2021\/12\/KOSZORUZAS-R.-PALOTA-1536x1152.jpg 1536w, https:\/\/hadihajosveteran.hu\/wp-content\/uploads\/2021\/12\/KOSZORUZAS-R.-PALOTA-900x675.jpg 900w, https:\/\/hadihajosveteran.hu\/wp-content\/uploads\/2021\/12\/KOSZORUZAS-R.-PALOTA-1280x960.jpg 1280w, https:\/\/hadihajosveteran.hu\/wp-content\/uploads\/2021\/12\/KOSZORUZAS-R.-PALOTA.jpg 1632w\" sizes=\"auto, (max-width: 1024px) 100vw, 1024px\" \/><\/figure>\n\n\n\n<p>&nbsp;s\u00edrj\u00e1n\u00e1l, &nbsp;a &nbsp;R\u00e1kospalotai &nbsp;temet\u0151ben &nbsp;eml\u00e9kezt\u00fcnk meg elhunyt &nbsp;&nbsp;<\/p>\n\n\n\n<p>&nbsp;bajt\u00e1rsainkr\u00f3l.<\/p>\n\n\n\n<p><\/p>\n\n\n\n<h2 class=\"has-text-align-center wp-block-heading\">November &nbsp;9. &nbsp;&nbsp;&nbsp;&nbsp;&nbsp;&nbsp;<\/h2>\n\n\n\n<p>Megeml\u00e9kez\u00e9s &nbsp;\u00e9s &nbsp;koszor\u00faz\u00e1s \u00d3bud\u00e1n, &nbsp;az &nbsp;egykori &nbsp;tenger\u00e9sz-folyam\u0151r<\/p>\n\n\n\n<p>laktanya &nbsp;fal\u00e1n &nbsp;elhelyezett &nbsp;eml\u00e9kt\u00e1bl\u00e1n\u00e1l. &nbsp;&nbsp;<\/p>\n\n\n\n<figure class=\"wp-block-image size-large\"><img loading=\"lazy\" decoding=\"async\" width=\"1024\" height=\"768\" src=\"http:\/\/hadihajosveteran.hu\/hhj2\/wp-content\/uploads\/2021\/12\/koszoruzas-Obuda-2021.folyami-2-b-1024x768.jpg\" alt=\"\" class=\"wp-image-1662\" srcset=\"https:\/\/hadihajosveteran.hu\/wp-content\/uploads\/2021\/12\/koszoruzas-Obuda-2021.folyami-2-b-1024x768.jpg 1024w, https:\/\/hadihajosveteran.hu\/wp-content\/uploads\/2021\/12\/koszoruzas-Obuda-2021.folyami-2-b-300x225.jpg 300w, https:\/\/hadihajosveteran.hu\/wp-content\/uploads\/2021\/12\/koszoruzas-Obuda-2021.folyami-2-b-768x576.jpg 768w, https:\/\/hadihajosveteran.hu\/wp-content\/uploads\/2021\/12\/koszoruzas-Obuda-2021.folyami-2-b-1536x1152.jpg 1536w, https:\/\/hadihajosveteran.hu\/wp-content\/uploads\/2021\/12\/koszoruzas-Obuda-2021.folyami-2-b-900x675.jpg 900w, https:\/\/hadihajosveteran.hu\/wp-content\/uploads\/2021\/12\/koszoruzas-Obuda-2021.folyami-2-b-1280x960.jpg 1280w, https:\/\/hadihajosveteran.hu\/wp-content\/uploads\/2021\/12\/koszoruzas-Obuda-2021.folyami-2-b.jpg 2000w\" sizes=\"auto, (max-width: 1024px) 100vw, 1024px\" \/><\/figure>\n\n\n\n<figure class=\"wp-block-image size-large\"><img loading=\"lazy\" decoding=\"async\" width=\"1024\" height=\"576\" src=\"http:\/\/hadihajosveteran.hu\/hhj2\/wp-content\/uploads\/2021\/12\/koszoruzas-Obuda-2021.tengeresz-laktanya-1-1024x576.jpg\" alt=\"\" class=\"wp-image-1661\" srcset=\"https:\/\/hadihajosveteran.hu\/wp-content\/uploads\/2021\/12\/koszoruzas-Obuda-2021.tengeresz-laktanya-1-1024x576.jpg 1024w, https:\/\/hadihajosveteran.hu\/wp-content\/uploads\/2021\/12\/koszoruzas-Obuda-2021.tengeresz-laktanya-1-300x169.jpg 300w, https:\/\/hadihajosveteran.hu\/wp-content\/uploads\/2021\/12\/koszoruzas-Obuda-2021.tengeresz-laktanya-1-768x432.jpg 768w, https:\/\/hadihajosveteran.hu\/wp-content\/uploads\/2021\/12\/koszoruzas-Obuda-2021.tengeresz-laktanya-1-900x507.jpg 900w, https:\/\/hadihajosveteran.hu\/wp-content\/uploads\/2021\/12\/koszoruzas-Obuda-2021.tengeresz-laktanya-1.jpg 1153w\" sizes=\"auto, (max-width: 1024px) 100vw, 1024px\" \/><\/figure>\n\n\n\n<p>Erd\u0151b\u00e9ny\u00e9n &nbsp;a &nbsp;koszor\u00faz\u00e1son &nbsp;nem &nbsp;vett\u00fcnk &nbsp;r\u00e9szt, &nbsp;azt &nbsp;az &nbsp;alakulat &nbsp;sz\u0171k &nbsp;<\/p>\n\n\n\n<p>k\u00f6rben &nbsp;tartotta &nbsp;meg.<\/p>\n\n\n\n<p><\/p>\n","protected":false},"excerpt":{"rendered":"<p>Szeptember &nbsp;13. &nbsp; Kihelyezett &nbsp;tagozati &nbsp;\u00f6sszej\u00f6vetel &nbsp;Dunakeszin. Ezzel &nbsp;az &nbsp;esem\u00e9nnyel &nbsp;k\u00edv\u00e1ntuk &nbsp;kezdeni &nbsp;ez \u00e9vi &nbsp;programjainkat, &nbsp;mivel &nbsp;a COVID-19 &nbsp;j\u00e1rv\u00e1ny &nbsp;miatt &nbsp;&nbsp;&nbsp;eddig &nbsp;nem &nbsp;tal\u00e1lkozhattunk. &nbsp;Az &nbsp;esem\u00e9ny, &nbsp;amelyen &nbsp;a tags\u00e1g &nbsp;nagy &nbsp;l\u00e9tsz\u00e1mban &nbsp;vett &nbsp;r\u00e9szt, &nbsp;nagyon &nbsp;sz\u00e9p &nbsp;id\u0151ben &nbsp;zajlott &nbsp;le. &nbsp;A &nbsp;j\u00f6v\u0151beni &nbsp;&nbsp;terveket &nbsp;felv\u00e1zol\u00f3 &nbsp; &nbsp;eln\u00f6ki &nbsp;t\u00e1j\u00e9koztat\u00f3 &nbsp;ut\u00e1n &nbsp;&nbsp;j\u00f3 &nbsp;hangulat\u00fa &nbsp;zs\u00edroskeny\u00e9r-parti k\u00f6vetkezett. Szeptember &nbsp;28. T\u0171zszer\u00e9sz &nbsp;Eml\u00e9knap. &nbsp;A &nbsp;Hadt\u00f6rt\u00e9neti [&hellip;]<\/p>\n","protected":false},"author":3,"featured_media":0,"comment_status":"closed","ping_status":"closed","sticky":false,"template":"","format":"standard","meta":{"footnotes":""},"categories":[23],"tags":[],"class_list":["post-1643","post","type-post","status-publish","format-standard","hentry","category-esemenyek"],"_links":{"self":[{"href":"https:\/\/hadihajosveteran.hu\/index.php?rest_route=\/wp\/v2\/posts\/1643","targetHints":{"allow":["GET"]}}],"collection":[{"href":"https:\/\/hadihajosveteran.hu\/index.php?rest_route=\/wp\/v2\/posts"}],"about":[{"href":"https:\/\/hadihajosveteran.hu\/index.php?rest_route=\/wp\/v2\/types\/post"}],"author":[{"embeddable":true,"href":"https:\/\/hadihajosveteran.hu\/index.php?rest_route=\/wp\/v2\/users\/3"}],"replies":[{"embeddable":true,"href":"https:\/\/hadihajosveteran.hu\/index.php?rest_route=%2Fwp%2Fv2%2Fcomments&post=1643"}],"version-history":[{"count":6,"href":"https:\/\/hadihajosveteran.hu\/index.php?rest_route=\/wp\/v2\/posts\/1643\/revisions"}],"predecessor-version":[{"id":1781,"href":"https:\/\/hadihajosveteran.hu\/index.php?rest_route=\/wp\/v2\/posts\/1643\/revisions\/1781"}],"wp:attachment":[{"href":"https:\/\/hadihajosveteran.hu\/index.php?rest_route=%2Fwp%2Fv2%2Fmedia&parent=1643"}],"wp:term":[{"taxonomy":"category","embeddable":true,"href":"https:\/\/hadihajosveteran.hu\/index.php?rest_route=%2Fwp%2Fv2%2Fcategories&post=1643"},{"taxonomy":"post_tag","embeddable":true,"href":"https:\/\/hadihajosveteran.hu\/index.php?rest_route=%2Fwp%2Fv2%2Ftags&post=1643"}],"curies":[{"name":"wp","href":"https:\/\/api.w.org\/{rel}","templated":true}]}}